{"id":1953,"date":"2024-12-23T11:36:45","date_gmt":"2024-12-23T11:36:45","guid":{"rendered":"https:\/\/ocwarchitects.4vertice.com\/?p=1953"},"modified":"2026-03-20T12:31:26","modified_gmt":"2026-03-20T12:31:26","slug":"sede-ilustre-colegio-oficial-farmaceuticos-malaga-archdaily","status":"publish","type":"post","link":"https:\/\/ocwarchitects.com\/en\/sede-ilustre-colegio-oficial-farmaceuticos-malaga-archdaily\/","title":{"rendered":"Illustrious Headquarters of the Official College of Pharmacists of Malaga in Archdaily"},"content":{"rendered":"<div data-elementor-type=\"wp-post\" data-elementor-id=\"1953\" class=\"elementor elementor-1953\" data-elementor-post-type=\"post\">\n\t\t\t\t<div class=\"has_eae_slider elementor-element elementor-element-09ba80f e-flex e-con-boxed e-con e-parent\" data-eae-slider=\"76682\" data-id=\"09ba80f\" data-element_type=\"container\">\n\t\t\t\t\t<div class=\"e-con-inner\">\n\t\t\t\t<div class=\"elementor-element elementor-element-8242444 elementor-widget elementor-widget-heading\" data-id=\"8242444\" data-element_type=\"widget\" data-widget_type=\"heading.default\">\n\t\t\t\t<div class=\"elementor-widget-container\">\n\t\t\t\t\t<h1 class=\"elementor-heading-title elementor-size-default\">Illustrious Headquarters of the Official College of Pharmacists of Malaga in Archdaily<\/h1>\t\t\t\t<\/div>\n\t\t\t\t<\/div>\n\t\t\t\t<div class=\"elementor-element elementor-element-27cd41a elementor-widget elementor-widget-heading\" data-id=\"27cd41a\" data-element_type=\"widget\" data-widget_type=\"heading.default\">\n\t\t\t\t<div class=\"elementor-widget-container\">\n\t\t\t\t\t<h2 class=\"elementor-heading-title elementor-size-default\">M\u00e1laga Architecture Young Work Award<\/h2>\t\t\t\t<\/div>\n\t\t\t\t<\/div>\n\t\t<div class=\"has_eae_slider elementor-element elementor-element-d531f20 e-con-full e-flex e-con e-child\" data-eae-slider=\"78339\" data-id=\"d531f20\" data-element_type=\"container\">\n\t\t<div class=\"has_eae_slider elementor-element elementor-element-5c8d2e9 e-con-full e-flex e-con e-child\" data-eae-slider=\"12873\" data-id=\"5c8d2e9\" data-element_type=\"container\">\n\t\t\t\t<div class=\"elementor-element elementor-element-d2a8084 elementor-widget__width-initial elementor-widget elementor-widget-text-editor\" data-id=\"d2a8084\" data-element_type=\"widget\" data-widget_type=\"text-editor.default\">\n\t\t\t\t<div class=\"elementor-widget-container\">\n\t\t\t\t\t\t\t\t\t<p>The project for the new headquarters of the College of Pharmacists of <a href=\"https:\/\/www.archdaily.cl\/cl\/tag\/malaga\">M\u00e1laga<\/a>, gira en torno a un patio central, n\u00facleo y distribuidor de todas las estancias del edificio.<\/p>\t\t\t\t\t\t\t\t<\/div>\n\t\t\t\t<\/div>\n\t\t<div class=\"has_eae_slider elementor-element elementor-element-34542ab e-con-full e-flex e-con e-child\" data-eae-slider=\"21592\" data-id=\"34542ab\" data-element_type=\"container\">\n\t\t\t\t<div class=\"elementor-element elementor-element-c7e08ca elementor-widget__width-initial elementor-widget elementor-widget-image\" data-id=\"c7e08ca\" data-element_type=\"widget\" data-widget_type=\"image.default\">\n\t\t\t\t<div class=\"elementor-widget-container\">\n\t\t\t\t\t\t\t\t\t\t\t\t\t\t\t<img decoding=\"async\" width=\"312\" height=\"114\" src=\"https:\/\/ocwarchitects.com\/wp-content\/uploads\/2024\/12\/premios-en-negro-02.png\" class=\"attachment-large size-large wp-image-1959\" alt=\"\" srcset=\"https:\/\/ocwarchitects.com\/wp-content\/uploads\/2024\/12\/premios-en-negro-02.png 312w, https:\/\/ocwarchitects.com\/wp-content\/uploads\/2024\/12\/premios-en-negro-02-300x110.png 300w, https:\/\/ocwarchitects.com\/wp-content\/uploads\/2024\/12\/premios-en-negro-02-18x7.png 18w\" sizes=\"(max-width: 312px) 100vw, 312px\" \/>\t\t\t\t\t\t\t\t\t\t\t\t\t\t\t<\/div>\n\t\t\t\t<\/div>\n\t\t\t\t<\/div>\n\t\t\t\t<\/div>\n\t\t\t\t<\/div>\n\t\t\t\t<div class=\"elementor-element elementor-element-6f5bea3 elementor-widget elementor-widget-image\" data-id=\"6f5bea3\" data-element_type=\"widget\" data-widget_type=\"image.default\">\n\t\t\t\t<div class=\"elementor-widget-container\">\n\t\t\t\t\t\t\t\t\t\t\t\t\t\t\t<img fetchpriority=\"high\" decoding=\"async\" width=\"1473\" height=\"1000\" src=\"https:\/\/ocwarchitects.com\/wp-content\/uploads\/2024\/12\/sede-ilustre-colegio-oficial-de-farmaceuticos-de-malaga-ocwa-office-for-corking-architects_4.jpg\" class=\"attachment-full size-full wp-image-1954\" alt=\"sede-ilustre-colegio-oficial-farmaceuticos-malaga-archdaily\" srcset=\"https:\/\/ocwarchitects.com\/wp-content\/uploads\/2024\/12\/sede-ilustre-colegio-oficial-de-farmaceuticos-de-malaga-ocwa-office-for-corking-architects_4.jpg 1473w, https:\/\/ocwarchitects.com\/wp-content\/uploads\/2024\/12\/sede-ilustre-colegio-oficial-de-farmaceuticos-de-malaga-ocwa-office-for-corking-architects_4-300x204.jpg 300w, https:\/\/ocwarchitects.com\/wp-content\/uploads\/2024\/12\/sede-ilustre-colegio-oficial-de-farmaceuticos-de-malaga-ocwa-office-for-corking-architects_4-1024x695.jpg 1024w, https:\/\/ocwarchitects.com\/wp-content\/uploads\/2024\/12\/sede-ilustre-colegio-oficial-de-farmaceuticos-de-malaga-ocwa-office-for-corking-architects_4-768x521.jpg 768w, https:\/\/ocwarchitects.com\/wp-content\/uploads\/2024\/12\/sede-ilustre-colegio-oficial-de-farmaceuticos-de-malaga-ocwa-office-for-corking-architects_4-18x12.jpg 18w, https:\/\/ocwarchitects.com\/wp-content\/uploads\/2024\/12\/sede-ilustre-colegio-oficial-de-farmaceuticos-de-malaga-ocwa-office-for-corking-architects_4-600x407.jpg 600w\" sizes=\"(max-width: 1473px) 100vw, 1473px\" \/>\t\t\t\t\t\t\t\t\t\t\t\t\t\t\t<\/div>\n\t\t\t\t<\/div>\n\t\t<div class=\"has_eae_slider elementor-element elementor-element-caa5053 e-con-full e-flex e-con e-child\" data-eae-slider=\"98182\" data-id=\"caa5053\" data-element_type=\"container\">\n\t\t<div class=\"has_eae_slider elementor-element elementor-element-333c579 e-con-full e-flex e-con e-child\" data-eae-slider=\"25079\" data-id=\"333c579\" data-element_type=\"container\">\n\t\t\t\t<div class=\"elementor-element elementor-element-2d906fa elementor-widget__width-initial elementor-widget elementor-widget-text-editor\" data-id=\"2d906fa\" data-element_type=\"widget\" data-widget_type=\"text-editor.default\">\n\t\t\t\t<div class=\"elementor-widget-container\">\n\t\t\t\t\t\t\t\t\t<p>Starting from this idea of \u200b\u200ba closed block in which the patio is the protagonist and agora of collegiate life, the building is perforated and fragmented on the ground floor to make room for the different entrances to the building, as well as to preserve the pre-existing grove of trees in the parcel.\u00a0<\/p><p style=\"text-align: left;\">The project is based on three concepts that will configure the building: traditional architecture, flexibility of uses and integration into nature and the urban fabric.<\/p><p><span style=\"font-style: inherit; font-weight: inherit; color: var( --e-global-color-astglobalcolor2 ); text-align: var(--text-align); background-color: var(--ast-global-color-4);\">Access the full news <\/span><a style=\"font-style: inherit; font-weight: inherit; text-align: var(--text-align); text-decoration-line: underline;\" href=\"https:\/\/www.archdaily.cl\/cl\/1016864\/sede-ilustre-colegio-oficial-de-farmaceuticos-de-malaga-ocwa-office-for-corking-architects\">here<\/a><\/p>\t\t\t\t\t\t\t\t<\/div>\n\t\t\t\t<\/div>\n\t\t\t\t<\/div>\n\t\t<div class=\"has_eae_slider elementor-element elementor-element-7371e29 e-con-full elementor-hidden-tablet elementor-hidden-mobile e-flex e-con e-child\" data-eae-slider=\"88073\" data-id=\"7371e29\" data-element_type=\"container\">\n\t\t\t\t<div class=\"elementor-element elementor-element-e9536ea elementor-widget__width-initial elementor-widget elementor-widget-heading\" data-id=\"e9536ea\" data-element_type=\"widget\" data-widget_type=\"heading.default\">\n\t\t\t\t<div class=\"elementor-widget-container\">\n\t\t\t\t\t<p class=\"elementor-heading-title elementor-size-default\">Photograph: Jes\u00fas Granada<\/p>\t\t\t\t<\/div>\n\t\t\t\t<\/div>\n\t\t\t\t<\/div>\n\t\t\t\t<\/div>\n\t\t\t\t\t<\/div>\n\t\t\t\t<\/div>\n\t\t<div class=\"has_eae_slider elementor-element elementor-element-2ff8ea3 e-flex e-con-boxed e-con e-parent\" data-eae-slider=\"60510\" data-id=\"2ff8ea3\" data-element_type=\"container\">\n\t\t\t\t\t<div class=\"e-con-inner\">\n\t\t<div class=\"has_eae_slider elementor-element elementor-element-bf74da8 e-con-full e-flex e-con e-child\" data-eae-slider=\"25685\" data-id=\"bf74da8\" data-element_type=\"container\">\n\t\t\t\t<div class=\"elementor-element elementor-element-6da541f elementor-icon-list--layout-inline elementor-align-left elementor-list-item-link-full_width elementor-widget elementor-widget-icon-list\" data-id=\"6da541f\" data-element_type=\"widget\" data-widget_type=\"icon-list.default\">\n\t\t\t\t<div class=\"elementor-widget-container\">\n\t\t\t\t\t\t\t<ul class=\"elementor-icon-list-items elementor-inline-items\">\n\t\t\t\t\t\t\t<li class=\"elementor-icon-list-item elementor-inline-item\">\n\t\t\t\t\t\t\t\t\t\t<span class=\"elementor-icon-list-text\">Related news<\/span>\n\t\t\t\t\t\t\t\t\t<\/li>\n\t\t\t\t\t\t\t\t<li class=\"elementor-icon-list-item elementor-inline-item\">\n\t\t\t\t\t\t\t\t\t\t\t<a href=\"https:\/\/ocwarchitects.com\/en\/prensa-y-premios-noticias\/\">\n\n\t\t\t\t\t\t\t\t\t\t\t<span class=\"elementor-icon-list-text\">See All<\/span>\n\t\t\t\t\t\t\t\t\t\t\t<\/a>\n\t\t\t\t\t\t\t\t\t<\/li>\n\t\t\t\t\t\t<\/ul>\n\t\t\t\t\t\t<\/div>\n\t\t\t\t<\/div>\n\t\t\t\t<\/div>\n\t\t<div class=\"has_eae_slider elementor-element elementor-element-36089dc e-con-full e-flex e-con e-child\" data-eae-slider=\"9161\" data-id=\"36089dc\" data-element_type=\"container\">\n\t\t\t\t<div class=\"elementor-element elementor-element-939e994 elementor-widget elementor-widget-htmega-postcarousel-addons\" data-id=\"939e994\" data-element_type=\"widget\" data-settings=\"{&quot;carousel_post_type&quot;:&quot;post&quot;}\" data-widget_type=\"htmega-postcarousel-addons.default\">\n\t\t\t\t<div class=\"elementor-widget-container\">\n\t\t\t\t\t            <div class=\"post-carousel-wrapper htmega-postcarousel-layout-5 htmega-verticle-center-arrow sid939e994\">\n                <div dir=\"ltr\" class=\"htmega-carousel-activation\" data-settings=\"{&quot;sectionid&quot;:&quot;sid939e994&quot;,&quot;arrows&quot;:true,&quot;arrow_prev_txt&quot;:&quot;&lt;svg xmlns=\\&quot;http:\\\/\\\/www.w3.org\\\/2000\\\/svg\\&quot; id=\\&quot;Capa_1\\&quot; viewBox=\\&quot;0 0 19 26\\&quot;&gt;&lt;metadata&gt;&lt;\\\/metadata&gt;&lt;defs&gt;&lt;style&gt;      .st0 {        fill: none;        stroke: #191918;        stroke-miterlimit: 10;        stroke-width: .5px;      }    &lt;\\\/style&gt;&lt;\\\/defs&gt;&lt;polyline class=\\&quot;st0\\&quot; points=\\&quot;14.7 2.5 3.6 13.5 14.7 24.5\\&quot;&gt;&lt;\\\/polyline&gt;&lt;\\\/svg&gt;&quot;,&quot;arrow_next_txt&quot;:&quot;&lt;svg xmlns=\\&quot;http:\\\/\\\/www.w3.org\\\/2000\\\/svg\\&quot; id=\\&quot;Capa_1\\&quot; viewBox=\\&quot;0 0 19 26\\&quot;&gt;&lt;metadata&gt;&lt;\\\/metadata&gt;&lt;defs&gt;&lt;style&gt;      .st0 {        fill: none;        stroke: #191918;        stroke-miterlimit: 10;        stroke-width: .5px;      }    &lt;\\\/style&gt;&lt;\\\/defs&gt;&lt;polyline class=\\&quot;st0\\&quot; points=\\&quot;3.7 2.5 14.8 13.5 3.7 24.5\\&quot;&gt;&lt;\\\/polyline&gt;&lt;\\\/svg&gt;&quot;,&quot;dots&quot;:false,&quot;autoplay&quot;:false,&quot;autoplay_speed&quot;:3000,&quot;animation_speed&quot;:300,&quot;slloop&quot;:true,&quot;pause_on_hover&quot;:false,&quot;center_mode&quot;:false,&quot;center_padding&quot;:0,&quot;equal_height_column&quot;:false,&quot;equal_height_column_class&quot;:&quot;.post-inner&quot;,&quot;display_columns&quot;:3,&quot;scroll_columns&quot;:1,&quot;tablet_width&quot;:750,&quot;tablet_display_columns&quot;:1,&quot;tablet_scroll_columns&quot;:1,&quot;mobile_width&quot;:480,&quot;mobile_display_columns&quot;:1,&quot;mobile_scroll_columns&quot;:1}\" style=\"display:none;\">\n\n                    \n                                                    <div class=\"htmega-single-post-slide htmega-postslider-layout-5\" >\n                                <div class=\"thumb\">\n                                    <a href=\"https:\/\/ocwarchitects.com\/en\/el-colegio-oficial-de-farmaceuticos-de-malaga-preve-inaugurar-su-nueva-sede-en-un-par\/\"><img decoding=\"async\" width=\"1920\" height=\"1011\" src=\"https:\/\/ocwarchitects.com\/wp-content\/uploads\/2020\/02\/ILUSTRE-COLEGIO-DE-FARMACEUTICOS-MALAGA.jpg\" class=\"attachment-full size-full wp-post-image\" alt=\"ILUSTRE-COLEGIO-DE-FARMACEUTICOS-MALAGA\" srcset=\"https:\/\/ocwarchitects.com\/wp-content\/uploads\/2020\/02\/ILUSTRE-COLEGIO-DE-FARMACEUTICOS-MALAGA.jpg 1920w, https:\/\/ocwarchitects.com\/wp-content\/uploads\/2020\/02\/ILUSTRE-COLEGIO-DE-FARMACEUTICOS-MALAGA-300x158.jpg 300w, https:\/\/ocwarchitects.com\/wp-content\/uploads\/2020\/02\/ILUSTRE-COLEGIO-DE-FARMACEUTICOS-MALAGA-1024x539.jpg 1024w, https:\/\/ocwarchitects.com\/wp-content\/uploads\/2020\/02\/ILUSTRE-COLEGIO-DE-FARMACEUTICOS-MALAGA-768x404.jpg 768w, https:\/\/ocwarchitects.com\/wp-content\/uploads\/2020\/02\/ILUSTRE-COLEGIO-DE-FARMACEUTICOS-MALAGA-1536x809.jpg 1536w, https:\/\/ocwarchitects.com\/wp-content\/uploads\/2020\/02\/ILUSTRE-COLEGIO-DE-FARMACEUTICOS-MALAGA-18x9.jpg 18w\" sizes=\"(max-width: 1920px) 100vw, 1920px\" \/><\/a>\n                                <\/div>\n                                            <div class=\"content\">\n                <div class=\"post-inner\">\n                    \n                    \n                                                <h2><a href=\"https:\/\/ocwarchitects.com\/en\/el-colegio-oficial-de-farmaceuticos-de-malaga-preve-inaugurar-su-nueva-sede-en-un-par\/\">The Official College of Pharmacists<\/a><\/h2>\n                        \n                    \n                    <p>Malaga \u00b7 2020 \u00b7 PRESS<\/p>\n                    \n                    \n                <\/div>\n            <\/div>\n                                    <\/div>\n\n                        \n                        \n                                                    <div class=\"htmega-single-post-slide htmega-postslider-layout-5\" >\n                                <div class=\"thumb\">\n                                    <a href=\"https:\/\/ocwarchitects.com\/en\/ocwa-architects-una-cooperativa-de-arquitectos-que-defiende-el-detalle\/\"><img loading=\"lazy\" decoding=\"async\" width=\"1024\" height=\"768\" src=\"https:\/\/ocwarchitects.com\/wp-content\/uploads\/2024\/12\/portada_ocwa-1-1024x768-1.jpg\" class=\"attachment-full size-full wp-post-image\" alt=\"prensa y premios, noticias, ocwa-architects-una-cooperativa-de-arquitectos-que-defiende-el-detalle\" srcset=\"https:\/\/ocwarchitects.com\/wp-content\/uploads\/2024\/12\/portada_ocwa-1-1024x768-1.jpg 1024w, https:\/\/ocwarchitects.com\/wp-content\/uploads\/2024\/12\/portada_ocwa-1-1024x768-1-300x225.jpg 300w, https:\/\/ocwarchitects.com\/wp-content\/uploads\/2024\/12\/portada_ocwa-1-1024x768-1-768x576.jpg 768w, https:\/\/ocwarchitects.com\/wp-content\/uploads\/2024\/12\/portada_ocwa-1-1024x768-1-16x12.jpg 16w, https:\/\/ocwarchitects.com\/wp-content\/uploads\/2024\/12\/portada_ocwa-1-1024x768-1-600x450.jpg 600w\" sizes=\"(max-width: 1024px) 100vw, 1024px\" \/><\/a>\n                                <\/div>\n                                            <div class=\"content\">\n                <div class=\"post-inner\">\n                    \n                    \n                                                <h2><a href=\"https:\/\/ocwarchitects.com\/en\/ocwa-architects-una-cooperativa-de-arquitectos-que-defiende-el-detalle\/\">OCWA Architects, an architects' cooperative that defends detail<\/a><\/h2>\n                        \n                    \n                    <p>Malaga \u00b7 2022 \u00b7 PRESS<\/p>\n                    \n                    \n                <\/div>\n            <\/div>\n                                    <\/div>\n\n                        \n                        \n                                                    <div class=\"htmega-single-post-slide htmega-postslider-layout-5\" >\n                                <div class=\"thumb\">\n                                    <a href=\"https:\/\/ocwarchitects.com\/en\/el-colegio-oficial-de-farmaceuticos-de-malaga-preve-inaugurar-su-nueva-sede-en-un-ano\/\"><img loading=\"lazy\" decoding=\"async\" width=\"1600\" height=\"1200\" src=\"https:\/\/ocwarchitects.com\/wp-content\/uploads\/2024\/12\/WhatsApp-Image-2022-04-07-at-9.05.00-AM.jpeg\" class=\"attachment-full size-full wp-post-image\" alt=\"el-colegio-oficial-de-farmaceuticos-de-malaga-preve-inaugurar-su-nueva-sede-en-un-ano\" srcset=\"https:\/\/ocwarchitects.com\/wp-content\/uploads\/2024\/12\/WhatsApp-Image-2022-04-07-at-9.05.00-AM.jpeg 1600w, https:\/\/ocwarchitects.com\/wp-content\/uploads\/2024\/12\/WhatsApp-Image-2022-04-07-at-9.05.00-AM-300x225.jpeg 300w, https:\/\/ocwarchitects.com\/wp-content\/uploads\/2024\/12\/WhatsApp-Image-2022-04-07-at-9.05.00-AM-1024x768.jpeg 1024w, https:\/\/ocwarchitects.com\/wp-content\/uploads\/2024\/12\/WhatsApp-Image-2022-04-07-at-9.05.00-AM-768x576.jpeg 768w, https:\/\/ocwarchitects.com\/wp-content\/uploads\/2024\/12\/WhatsApp-Image-2022-04-07-at-9.05.00-AM-1536x1152.jpeg 1536w, https:\/\/ocwarchitects.com\/wp-content\/uploads\/2024\/12\/WhatsApp-Image-2022-04-07-at-9.05.00-AM-16x12.jpeg 16w, https:\/\/ocwarchitects.com\/wp-content\/uploads\/2024\/12\/WhatsApp-Image-2022-04-07-at-9.05.00-AM-600x450.jpeg 600w\" sizes=\"(max-width: 1600px) 100vw, 1600px\" \/><\/a>\n                                <\/div>\n                                            <div class=\"content\">\n                <div class=\"post-inner\">\n                    \n                    \n                                                <h2><a href=\"https:\/\/ocwarchitects.com\/en\/el-colegio-oficial-de-farmaceuticos-de-malaga-preve-inaugurar-su-nueva-sede-en-un-ano\/\">The Official College of Pharmacists<\/a><\/h2>\n                        \n                    \n                    <p>Malaga \u00b7 2022 \u00b7 PRESS<\/p>\n                    \n                    \n                <\/div>\n            <\/div>\n                                    <\/div>\n\n                        \n                        \n                                                    <div class=\"htmega-single-post-slide htmega-postslider-layout-5\" >\n                                <div class=\"thumb\">\n                                    <a href=\"https:\/\/ocwarchitects.com\/en\/premio-mejor-proyecto-area-libre-construccion-design-week-marbella\/\"><img loading=\"lazy\" decoding=\"async\" width=\"540\" height=\"361\" src=\"https:\/\/ocwarchitects.com\/wp-content\/uploads\/2024\/12\/image002-1.jpg\" class=\"attachment-full size-full wp-post-image\" alt=\"premio-mejor-proyecto-area-libre-construccion-design-week-marbella\" srcset=\"https:\/\/ocwarchitects.com\/wp-content\/uploads\/2024\/12\/image002-1.jpg 540w, https:\/\/ocwarchitects.com\/wp-content\/uploads\/2024\/12\/image002-1-300x201.jpg 300w, https:\/\/ocwarchitects.com\/wp-content\/uploads\/2024\/12\/image002-1-18x12.jpg 18w\" sizes=\"(max-width: 540px) 100vw, 540px\" \/><\/a>\n                                <\/div>\n                                            <div class=\"content\">\n                <div class=\"post-inner\">\n                    \n                    \n                                                <h2><a href=\"https:\/\/ocwarchitects.com\/en\/premio-mejor-proyecto-area-libre-construccion-design-week-marbella\/\">Design Week Marbella premia las<\/a><\/h2>\n                        \n                    \n                    <p>Malaga \u00b7 2022 \u00b7 AWARDS<\/p>\n                    \n                    \n                <\/div>\n            <\/div>\n                                    <\/div>\n\n                        \n                        \n                                                    <div class=\"htmega-single-post-slide htmega-postslider-layout-5\" >\n                                <div class=\"thumb\">\n                                    <a href=\"https:\/\/ocwarchitects.com\/en\/los-farmaceuticos-de-malaga-estrenaran-nueva-sede-colegial-en-poco-mas-de-un-mes\/\"><img loading=\"lazy\" decoding=\"async\" width=\"2048\" height=\"1536\" src=\"https:\/\/ocwarchitects.com\/wp-content\/uploads\/2023\/05\/IMG_8833.jpeg\" class=\"attachment-full size-full wp-post-image\" alt=\"los-farmaceuticos-de-malaga-estrenaran-nueva-sede-colegial-en-poco-mas-de-un-mes\" srcset=\"https:\/\/ocwarchitects.com\/wp-content\/uploads\/2023\/05\/IMG_8833.jpeg 2048w, https:\/\/ocwarchitects.com\/wp-content\/uploads\/2023\/05\/IMG_8833-300x225.jpeg 300w, https:\/\/ocwarchitects.com\/wp-content\/uploads\/2023\/05\/IMG_8833-1024x768.jpeg 1024w, https:\/\/ocwarchitects.com\/wp-content\/uploads\/2023\/05\/IMG_8833-768x576.jpeg 768w, https:\/\/ocwarchitects.com\/wp-content\/uploads\/2023\/05\/IMG_8833-1536x1152.jpeg 1536w, https:\/\/ocwarchitects.com\/wp-content\/uploads\/2023\/05\/IMG_8833-16x12.jpeg 16w, https:\/\/ocwarchitects.com\/wp-content\/uploads\/2023\/05\/IMG_8833-600x450.jpeg 600w\" sizes=\"(max-width: 2048px) 100vw, 2048px\" \/><\/a>\n                                <\/div>\n                                            <div class=\"content\">\n                <div class=\"post-inner\">\n                    \n                    \n                                                <h2><a href=\"https:\/\/ocwarchitects.com\/en\/los-farmaceuticos-de-malaga-estrenaran-nueva-sede-colegial-en-poco-mas-de-un-mes\/\">Los farmac\u00e9uticos de M\u00e1laga estrenar\u00e1n<\/a><\/h2>\n                        \n                    \n                    <p>Malaga \u00b7 2023 \u00b7 PRESS<\/p>\n                    \n                    \n                <\/div>\n            <\/div>\n                                    <\/div>\n\n                        \n                        \n                                                    <div class=\"htmega-single-post-slide htmega-postslider-layout-5\" >\n                                <div class=\"thumb\">\n                                    <a href=\"https:\/\/ocwarchitects.com\/en\/el-colegio-oficial-farmaceuticos-malaga-inaugura-su-nueva-sede\/\"><img loading=\"lazy\" decoding=\"async\" width=\"1570\" height=\"1179\" src=\"https:\/\/ocwarchitects.com\/wp-content\/uploads\/2024\/12\/imagen-principal.jpg\" class=\"attachment-full size-full wp-post-image\" alt=\"el-colegio-oficial-farmaceuticos-malaga-inaugura-su-nueva-sede\" srcset=\"https:\/\/ocwarchitects.com\/wp-content\/uploads\/2024\/12\/imagen-principal.jpg 1570w, https:\/\/ocwarchitects.com\/wp-content\/uploads\/2024\/12\/imagen-principal-300x225.jpg 300w, https:\/\/ocwarchitects.com\/wp-content\/uploads\/2024\/12\/imagen-principal-1024x769.jpg 1024w, https:\/\/ocwarchitects.com\/wp-content\/uploads\/2024\/12\/imagen-principal-768x577.jpg 768w, https:\/\/ocwarchitects.com\/wp-content\/uploads\/2024\/12\/imagen-principal-1536x1153.jpg 1536w, https:\/\/ocwarchitects.com\/wp-content\/uploads\/2024\/12\/imagen-principal-16x12.jpg 16w, https:\/\/ocwarchitects.com\/wp-content\/uploads\/2024\/12\/imagen-principal-600x451.jpg 600w\" sizes=\"(max-width: 1570px) 100vw, 1570px\" \/><\/a>\n                                <\/div>\n                                            <div class=\"content\">\n                <div class=\"post-inner\">\n                    \n                    \n                                                <h2><a href=\"https:\/\/ocwarchitects.com\/en\/el-colegio-oficial-farmaceuticos-malaga-inaugura-su-nueva-sede\/\">The Official College of Pharmacists<\/a><\/h2>\n                        \n                    \n                    <p>Malaga \u00b7 2023 \u00b7 PRESS<\/p>\n                    \n                    \n                <\/div>\n            <\/div>\n                                    <\/div>\n\n                        \n                        \n                                                    <div class=\"htmega-single-post-slide htmega-postslider-layout-5\" >\n                                <div class=\"thumb\">\n                                    <a href=\"https:\/\/ocwarchitects.com\/en\/sede-ilustre-colegio-oficial-farmaceuticos-malaga-archdaily\/\"><img loading=\"lazy\" decoding=\"async\" width=\"1473\" height=\"1000\" src=\"https:\/\/ocwarchitects.com\/wp-content\/uploads\/2024\/12\/sede-ilustre-colegio-oficial-de-farmaceuticos-de-malaga-ocwa-office-for-corking-architects_4.jpg\" class=\"attachment-full size-full wp-post-image\" alt=\"sede-ilustre-colegio-oficial-farmaceuticos-malaga-archdaily\" srcset=\"https:\/\/ocwarchitects.com\/wp-content\/uploads\/2024\/12\/sede-ilustre-colegio-oficial-de-farmaceuticos-de-malaga-ocwa-office-for-corking-architects_4.jpg 1473w, https:\/\/ocwarchitects.com\/wp-content\/uploads\/2024\/12\/sede-ilustre-colegio-oficial-de-farmaceuticos-de-malaga-ocwa-office-for-corking-architects_4-300x204.jpg 300w, https:\/\/ocwarchitects.com\/wp-content\/uploads\/2024\/12\/sede-ilustre-colegio-oficial-de-farmaceuticos-de-malaga-ocwa-office-for-corking-architects_4-1024x695.jpg 1024w, https:\/\/ocwarchitects.com\/wp-content\/uploads\/2024\/12\/sede-ilustre-colegio-oficial-de-farmaceuticos-de-malaga-ocwa-office-for-corking-architects_4-768x521.jpg 768w, https:\/\/ocwarchitects.com\/wp-content\/uploads\/2024\/12\/sede-ilustre-colegio-oficial-de-farmaceuticos-de-malaga-ocwa-office-for-corking-architects_4-18x12.jpg 18w, https:\/\/ocwarchitects.com\/wp-content\/uploads\/2024\/12\/sede-ilustre-colegio-oficial-de-farmaceuticos-de-malaga-ocwa-office-for-corking-architects_4-600x407.jpg 600w\" sizes=\"(max-width: 1473px) 100vw, 1473px\" \/><\/a>\n                                <\/div>\n                                            <div class=\"content\">\n                <div class=\"post-inner\">\n                    \n                    \n                                                <h2><a href=\"https:\/\/ocwarchitects.com\/en\/sede-ilustre-colegio-oficial-farmaceuticos-malaga-archdaily\/\">Sede Ilustre Colegio Oficial de<\/a><\/h2>\n                        \n                    \n                    <p>Malaga \u00b7 2024 \u00b7 PRESS<\/p>\n                    \n                    \n                <\/div>\n            <\/div>\n                                    <\/div>\n\n                        \n                        \n                                                    <div class=\"htmega-single-post-slide htmega-postslider-layout-5\" >\n                                <div class=\"thumb\">\n                                    <a href=\"https:\/\/ocwarchitects.com\/en\/el-colegio-de-arquitectos-entrega-sus-premios-malaga-2024\/\"><img loading=\"lazy\" decoding=\"async\" width=\"2560\" height=\"1707\" src=\"https:\/\/ocwarchitects.com\/wp-content\/uploads\/2024\/12\/Foto_109-scaled.jpg\" class=\"attachment-full size-full wp-post-image\" alt=\"prensa y premios , el-colegio-de-arquitectos-entrega-sus-premios-malaga-2024\" srcset=\"https:\/\/ocwarchitects.com\/wp-content\/uploads\/2024\/12\/Foto_109-scaled.jpg 2560w, https:\/\/ocwarchitects.com\/wp-content\/uploads\/2024\/12\/Foto_109-300x200.jpg 300w, https:\/\/ocwarchitects.com\/wp-content\/uploads\/2024\/12\/Foto_109-1024x683.jpg 1024w, https:\/\/ocwarchitects.com\/wp-content\/uploads\/2024\/12\/Foto_109-768x512.jpg 768w, https:\/\/ocwarchitects.com\/wp-content\/uploads\/2024\/12\/Foto_109-1536x1024.jpg 1536w, https:\/\/ocwarchitects.com\/wp-content\/uploads\/2024\/12\/Foto_109-2048x1365.jpg 2048w, https:\/\/ocwarchitects.com\/wp-content\/uploads\/2024\/12\/Foto_109-18x12.jpg 18w, https:\/\/ocwarchitects.com\/wp-content\/uploads\/2024\/12\/Foto_109-1200x800.jpg 1200w, https:\/\/ocwarchitects.com\/wp-content\/uploads\/2024\/12\/Foto_109-600x400.jpg 600w\" sizes=\"(max-width: 2560px) 100vw, 2560px\" \/><\/a>\n                                <\/div>\n                                            <div class=\"content\">\n                <div class=\"post-inner\">\n                    \n                    \n                                                <h2><a href=\"https:\/\/ocwarchitects.com\/en\/el-colegio-de-arquitectos-entrega-sus-premios-malaga-2024\/\">El Colegio de Arquitectos entrega<\/a><\/h2>\n                        \n                    \n                    <p>Malaga \u00b7 2024 \u00b7 AWARDS<\/p>\n                    \n                    \n                <\/div>\n            <\/div>\n                                    <\/div>\n\n                        \n                        \n                <\/div>\n            <\/div>\n            \n            \n\n        \t\t\t\t<\/div>\n\t\t\t\t<\/div>\n\t\t\t\t<\/div>\n\t\t\t\t\t<\/div>\n\t\t\t\t<\/div>\n\t\t<div class=\"has_eae_slider elementor-element elementor-element-f769956 e-flex e-con-boxed e-con e-parent\" data-eae-slider=\"35616\" data-id=\"f769956\" data-element_type=\"container\">\n\t\t\t\t\t<div class=\"e-con-inner\">\n\t\t\t\t<div class=\"elementor-element elementor-element-75b224e elementor-icon-list--layout-traditional elementor-list-item-link-full_width elementor-widget elementor-widget-icon-list\" data-id=\"75b224e\" data-element_type=\"widget\" data-widget_type=\"icon-list.default\">\n\t\t\t\t<div class=\"elementor-widget-container\">\n\t\t\t\t\t\t\t<ul class=\"elementor-icon-list-items\">\n\t\t\t\t\t\t\t<li class=\"elementor-icon-list-item\">\n\t\t\t\t\t\t\t\t\t\t\t<a href=\"#top\">\n\n\t\t\t\t\t\t\t\t\t\t\t\t<span class=\"elementor-icon-list-icon\">\n\t\t\t\t\t\t\t<svg aria-hidden=\"true\" class=\"e-font-icon-svg e-fas-chevron-up\" viewbox=\"0 0 448 512\" xmlns=\"http:\/\/www.w3.org\/2000\/svg\"><path d=\"M240.971 130.524l194.343 194.343c9.373 9.373 9.373 24.569 0 33.941l-22.667 22.667c-9.357 9.357-24.522 9.375-33.901.04L224 227.495 69.255 381.516c-9.379 9.335-24.544 9.317-33.901-.04l-22.667-22.667c-9.373-9.373-9.373-24.569 0-33.941L207.03 130.525c9.372-9.373 24.568-9.373 33.941-.001z\"><\/path><\/svg>\t\t\t\t\t\t<\/span>\n\t\t\t\t\t\t\t\t\t\t<span class=\"elementor-icon-list-text\">BACK TO TOP<\/span>\n\t\t\t\t\t\t\t\t\t\t\t<\/a>\n\t\t\t\t\t\t\t\t\t<\/li>\n\t\t\t\t\t\t<\/ul>\n\t\t\t\t\t\t<\/div>\n\t\t\t\t<\/div>\n\t\t\t\t\t<\/div>\n\t\t\t\t<\/div>\n\t\t\t\t<\/div>","protected":false},"excerpt":{"rendered":"<p>Malaga \u00b7 2024 \u00b7 PRESS<\/p>","protected":false},"author":4,"featured_media":1954,"comment_status":"closed","ping_status":"open","sticky":false,"template":"elementor_header_footer","format":"standard","meta":{"site-sidebar-layout":"default","site-content-layout":"","ast-site-content-layout":"default","site-content-style":"default","site-sidebar-style":"default","ast-global-header-display":"","ast-banner-title-visibility":"","ast-main-header-display":"","ast-hfb-above-header-display":"","ast-hfb-below-header-display":"","ast-hfb-mobile-header-display":"","site-post-title":"","ast-breadcrumbs-content":"","ast-featured-img":"","footer-sml-layout":"","ast-disable-related-posts":"","theme-transparent-header-meta":"","adv-header-id-meta":"","stick-header-meta":"","header-above-stick-meta":"","header-main-stick-meta":"","header-below-stick-meta":"","astra-migrate-meta-layouts":"set","ast-page-background-enabled":"default","ast-page-background-meta":{"desktop":{"background-color":"","background-image":"","background-repeat":"repeat","background-position":"center center","background-size":"auto","background-attachment":"scroll","background-type":"","background-media":"","overlay-type":"","overlay-color":"","overlay-opacity":"","overlay-gradient":""},"tablet":{"background-color":"","background-image":"","background-repeat":"repeat","background-position":"center center","background-size":"auto","background-attachment":"scroll","background-type":"","background-media":"","overlay-type":"","overlay-color":"","overlay-opacity":"","overlay-gradient":""},"mobile":{"background-color":"","background-image":"","background-repeat":"repeat","background-position":"center center","background-size":"auto","background-attachment":"scroll","background-type":"","background-media":"","overlay-type":"","overlay-color":"","overlay-opacity":"","overlay-gradient":""}},"ast-content-background-meta":{"desktop":{"background-color":"var(--ast-global-color-5)","background-image":"","background-repeat":"repeat","background-position":"center center","background-size":"auto","background-attachment":"scroll","background-type":"","background-media":"","overlay-type":"","overlay-color":"","overlay-opacity":"","overlay-gradient":""},"tablet":{"background-color":"var(--ast-global-color-5)","background-image":"","background-repeat":"repeat","background-position":"center center","background-size":"auto","background-attachment":"scroll","background-type":"","background-media":"","overlay-type":"","overlay-color":"","overlay-opacity":"","overlay-gradient":""},"mobile":{"background-color":"var(--ast-global-color-5)","background-image":"","background-repeat":"repeat","background-position":"center center","background-size":"auto","background-attachment":"scroll","background-type":"","background-media":"","overlay-type":"","overlay-color":"","overlay-opacity":"","overlay-gradient":""}},"footnotes":""},"categories":[38],"tags":[],"class_list":["post-1953","post","type-post","status-publish","format-standard","has-post-thumbnail","hentry","category-prensa-y-premios"],"yoast_head":"<!-- This site is optimized with the Yoast SEO plugin v27.4 - https:\/\/yoast.com\/product\/yoast-seo-wordpress\/ -->\n<title>Sede Ilustre Colegio Oficial de Farmac\u00e9uticos de M\u00e1laga en Archdaily - ocwarchitects.com<\/title>\n<meta name=\"description\" content=\"El proyecto para la nueva Sede del Colegio de Farmac\u00e9uticos de M\u00e1laga, parte de la arquitectura tradicional, la flexibilidad y la integraci\u00f3n\" \/>\n<meta name=\"robots\" content=\"index, follow, max-snippet:-1, max-image-preview:large, max-video-preview:-1\" \/>\n<link rel=\"canonical\" href=\"https:\/\/ocwarchitects.com\/en\/sede-ilustre-colegio-oficial-farmaceuticos-malaga-archdaily\/\" \/>\n<meta property=\"og:locale\" content=\"en_US\" \/>\n<meta property=\"og:type\" content=\"article\" \/>\n<meta property=\"og:title\" content=\"Sede Ilustre Colegio Oficial de Farmac\u00e9uticos de M\u00e1laga en Archdaily - ocwarchitects.com\" \/>\n<meta property=\"og:description\" content=\"El proyecto para la nueva Sede del Colegio de Farmac\u00e9uticos de M\u00e1laga, parte de la arquitectura tradicional, la flexibilidad y la integraci\u00f3n\" \/>\n<meta property=\"og:url\" content=\"https:\/\/ocwarchitects.com\/en\/sede-ilustre-colegio-oficial-farmaceuticos-malaga-archdaily\/\" \/>\n<meta property=\"og:site_name\" content=\"ocwarchitects.com\" \/>\n<meta property=\"article:published_time\" content=\"2024-12-23T11:36:45+00:00\" \/>\n<meta property=\"article:modified_time\" content=\"2026-03-20T12:31:26+00:00\" \/>\n<meta property=\"og:image\" content=\"https:\/\/ocwarchitects.com\/wp-content\/uploads\/2024\/12\/sede-ilustre-colegio-oficial-de-farmaceuticos-de-malaga-ocwa-office-for-corking-architects_4.jpg\" \/>\n\t<meta property=\"og:image:width\" content=\"1473\" \/>\n\t<meta property=\"og:image:height\" content=\"1000\" \/>\n\t<meta property=\"og:image:type\" content=\"image\/jpeg\" \/>\n<meta name=\"author\" content=\"Irene Martin\" \/>\n<meta name=\"twitter:card\" content=\"summary_large_image\" \/>\n<meta name=\"twitter:label1\" content=\"Written by\" \/>\n\t<meta name=\"twitter:data1\" content=\"Irene Martin\" \/>\n\t<meta name=\"twitter:label2\" content=\"Est. reading time\" \/>\n\t<meta name=\"twitter:data2\" content=\"6 minutes\" \/>\n<script type=\"application\/ld+json\" class=\"yoast-schema-graph\">{\"@context\":\"https:\\\/\\\/schema.org\",\"@graph\":[{\"@type\":\"Article\",\"@id\":\"https:\\\/\\\/ocwarchitects.com\\\/sede-ilustre-colegio-oficial-farmaceuticos-malaga-archdaily\\\/#article\",\"isPartOf\":{\"@id\":\"https:\\\/\\\/ocwarchitects.com\\\/sede-ilustre-colegio-oficial-farmaceuticos-malaga-archdaily\\\/\"},\"author\":{\"name\":\"Irene Martin\",\"@id\":\"https:\\\/\\\/ocwarchitects.com\\\/#\\\/schema\\\/person\\\/2ad27f0fea947f21e0a51b92a0dff64f\"},\"headline\":\"Sede Ilustre Colegio Oficial de Farmac\u00e9uticos de M\u00e1laga en Archdaily\",\"datePublished\":\"2024-12-23T11:36:45+00:00\",\"dateModified\":\"2026-03-20T12:31:26+00:00\",\"mainEntityOfPage\":{\"@id\":\"https:\\\/\\\/ocwarchitects.com\\\/sede-ilustre-colegio-oficial-farmaceuticos-malaga-archdaily\\\/\"},\"wordCount\":230,\"publisher\":{\"@id\":\"https:\\\/\\\/ocwarchitects.com\\\/#organization\"},\"image\":{\"@id\":\"https:\\\/\\\/ocwarchitects.com\\\/sede-ilustre-colegio-oficial-farmaceuticos-malaga-archdaily\\\/#primaryimage\"},\"thumbnailUrl\":\"https:\\\/\\\/ocwarchitects.com\\\/wp-content\\\/uploads\\\/2024\\\/12\\\/sede-ilustre-colegio-oficial-de-farmaceuticos-de-malaga-ocwa-office-for-corking-architects_4.jpg\",\"articleSection\":[\"PRENSA Y PREMIOS\"],\"inLanguage\":\"en-US\"},{\"@type\":\"WebPage\",\"@id\":\"https:\\\/\\\/ocwarchitects.com\\\/sede-ilustre-colegio-oficial-farmaceuticos-malaga-archdaily\\\/\",\"url\":\"https:\\\/\\\/ocwarchitects.com\\\/sede-ilustre-colegio-oficial-farmaceuticos-malaga-archdaily\\\/\",\"name\":\"Sede Ilustre Colegio Oficial de Farmac\u00e9uticos de M\u00e1laga en Archdaily - ocwarchitects.com\",\"isPartOf\":{\"@id\":\"https:\\\/\\\/ocwarchitects.com\\\/#website\"},\"primaryImageOfPage\":{\"@id\":\"https:\\\/\\\/ocwarchitects.com\\\/sede-ilustre-colegio-oficial-farmaceuticos-malaga-archdaily\\\/#primaryimage\"},\"image\":{\"@id\":\"https:\\\/\\\/ocwarchitects.com\\\/sede-ilustre-colegio-oficial-farmaceuticos-malaga-archdaily\\\/#primaryimage\"},\"thumbnailUrl\":\"https:\\\/\\\/ocwarchitects.com\\\/wp-content\\\/uploads\\\/2024\\\/12\\\/sede-ilustre-colegio-oficial-de-farmaceuticos-de-malaga-ocwa-office-for-corking-architects_4.jpg\",\"datePublished\":\"2024-12-23T11:36:45+00:00\",\"dateModified\":\"2026-03-20T12:31:26+00:00\",\"description\":\"El proyecto para la nueva Sede del Colegio de Farmac\u00e9uticos de M\u00e1laga, parte de la arquitectura tradicional, la flexibilidad y la integraci\u00f3n\",\"breadcrumb\":{\"@id\":\"https:\\\/\\\/ocwarchitects.com\\\/sede-ilustre-colegio-oficial-farmaceuticos-malaga-archdaily\\\/#breadcrumb\"},\"inLanguage\":\"en-US\",\"potentialAction\":[{\"@type\":\"ReadAction\",\"target\":[\"https:\\\/\\\/ocwarchitects.com\\\/sede-ilustre-colegio-oficial-farmaceuticos-malaga-archdaily\\\/\"]}]},{\"@type\":\"ImageObject\",\"inLanguage\":\"en-US\",\"@id\":\"https:\\\/\\\/ocwarchitects.com\\\/sede-ilustre-colegio-oficial-farmaceuticos-malaga-archdaily\\\/#primaryimage\",\"url\":\"https:\\\/\\\/ocwarchitects.com\\\/wp-content\\\/uploads\\\/2024\\\/12\\\/sede-ilustre-colegio-oficial-de-farmaceuticos-de-malaga-ocwa-office-for-corking-architects_4.jpg\",\"contentUrl\":\"https:\\\/\\\/ocwarchitects.com\\\/wp-content\\\/uploads\\\/2024\\\/12\\\/sede-ilustre-colegio-oficial-de-farmaceuticos-de-malaga-ocwa-office-for-corking-architects_4.jpg\",\"width\":1473,\"height\":1000,\"caption\":\"sede-ilustre-colegio-oficial-farmaceuticos-malaga-archdaily\"},{\"@type\":\"BreadcrumbList\",\"@id\":\"https:\\\/\\\/ocwarchitects.com\\\/sede-ilustre-colegio-oficial-farmaceuticos-malaga-archdaily\\\/#breadcrumb\",\"itemListElement\":[{\"@type\":\"ListItem\",\"position\":1,\"name\":\"Portada\",\"item\":\"https:\\\/\\\/ocwarchitects.com\\\/\"},{\"@type\":\"ListItem\",\"position\":2,\"name\":\"Sede Ilustre Colegio Oficial de Farmac\u00e9uticos de M\u00e1laga en Archdaily\"}]},{\"@type\":\"WebSite\",\"@id\":\"https:\\\/\\\/ocwarchitects.com\\\/#website\",\"url\":\"https:\\\/\\\/ocwarchitects.com\\\/\",\"name\":\"ocwarchitects.com\",\"description\":\"OCWA Architects fue creado para dar respuesta al desarrollo y gesti\u00f3n de una gran variedad de proyectos de diferentes complejidades y programas; Para lograr esto, crearon una cooperativa basada en el trabajo colaborativo de profesionales como arquitectos, urbanistas, dise\u00f1adores y artistas. Responden a problemas con soluciones y se aseguran de entregar su proyecto cumpliendo con las m\u00e1s altas expectativas de sus clientes\",\"publisher\":{\"@id\":\"https:\\\/\\\/ocwarchitects.com\\\/#organization\"},\"alternateName\":\"Office for Co-working Architects\",\"potentialAction\":[{\"@type\":\"SearchAction\",\"target\":{\"@type\":\"EntryPoint\",\"urlTemplate\":\"https:\\\/\\\/ocwarchitects.com\\\/?s={search_term_string}\"},\"query-input\":{\"@type\":\"PropertyValueSpecification\",\"valueRequired\":true,\"valueName\":\"search_term_string\"}}],\"inLanguage\":\"en-US\"},{\"@type\":\"Organization\",\"@id\":\"https:\\\/\\\/ocwarchitects.com\\\/#organization\",\"name\":\"OCWA\",\"alternateName\":\"Office for Co-Working Architects\",\"url\":\"https:\\\/\\\/ocwarchitects.com\\\/\",\"logo\":{\"@type\":\"ImageObject\",\"inLanguage\":\"en-US\",\"@id\":\"https:\\\/\\\/ocwarchitects.com\\\/#\\\/schema\\\/logo\\\/image\\\/\",\"url\":\"https:\\\/\\\/ocwarchitects.com\\\/wp-content\\\/uploads\\\/2025\\\/03\\\/Logo.png\",\"contentUrl\":\"https:\\\/\\\/ocwarchitects.com\\\/wp-content\\\/uploads\\\/2025\\\/03\\\/Logo.png\",\"width\":1200,\"height\":675,\"caption\":\"OCWA\"},\"image\":{\"@id\":\"https:\\\/\\\/ocwarchitects.com\\\/#\\\/schema\\\/logo\\\/image\\\/\"},\"sameAs\":[\"https:\\\/\\\/www.instagram.com\\\/ocwarchitects\\\/\",\"https:\\\/\\\/www.linkedin.com\\\/company\\\/office-for-co-working-architects\"]},{\"@type\":\"Person\",\"@id\":\"https:\\\/\\\/ocwarchitects.com\\\/#\\\/schema\\\/person\\\/2ad27f0fea947f21e0a51b92a0dff64f\",\"name\":\"Irene Martin\",\"image\":{\"@type\":\"ImageObject\",\"inLanguage\":\"en-US\",\"@id\":\"https:\\\/\\\/secure.gravatar.com\\\/avatar\\\/635ff6ee1abdd42ea478a6915d90345c3427d969f1e6639031a88a4a30ba353d?s=96&d=mm&r=g\",\"url\":\"https:\\\/\\\/secure.gravatar.com\\\/avatar\\\/635ff6ee1abdd42ea478a6915d90345c3427d969f1e6639031a88a4a30ba353d?s=96&d=mm&r=g\",\"contentUrl\":\"https:\\\/\\\/secure.gravatar.com\\\/avatar\\\/635ff6ee1abdd42ea478a6915d90345c3427d969f1e6639031a88a4a30ba353d?s=96&d=mm&r=g\",\"caption\":\"Irene Martin\"},\"sameAs\":[\"http:\\\/\\\/ocwacchitects.com\"],\"url\":\"https:\\\/\\\/ocwarchitects.com\\\/en\\\/author\\\/irene\\\/\"}]}<\/script>\n<!-- \/ Yoast SEO plugin. -->","yoast_head_json":{"title":"Sede Ilustre Colegio Oficial de Farmac\u00e9uticos de M\u00e1laga en Archdaily - ocwarchitects.com","description":"El proyecto para la nueva Sede del Colegio de Farmac\u00e9uticos de M\u00e1laga, parte de la arquitectura tradicional, la flexibilidad y la integraci\u00f3n","robots":{"index":"index","follow":"follow","max-snippet":"max-snippet:-1","max-image-preview":"max-image-preview:large","max-video-preview":"max-video-preview:-1"},"canonical":"https:\/\/ocwarchitects.com\/en\/sede-ilustre-colegio-oficial-farmaceuticos-malaga-archdaily\/","og_locale":"en_US","og_type":"article","og_title":"Sede Ilustre Colegio Oficial de Farmac\u00e9uticos de M\u00e1laga en Archdaily - ocwarchitects.com","og_description":"El proyecto para la nueva Sede del Colegio de Farmac\u00e9uticos de M\u00e1laga, parte de la arquitectura tradicional, la flexibilidad y la integraci\u00f3n","og_url":"https:\/\/ocwarchitects.com\/en\/sede-ilustre-colegio-oficial-farmaceuticos-malaga-archdaily\/","og_site_name":"ocwarchitects.com","article_published_time":"2024-12-23T11:36:45+00:00","article_modified_time":"2026-03-20T12:31:26+00:00","og_image":[{"width":1473,"height":1000,"url":"https:\/\/ocwarchitects.com\/wp-content\/uploads\/2024\/12\/sede-ilustre-colegio-oficial-de-farmaceuticos-de-malaga-ocwa-office-for-corking-architects_4.jpg","type":"image\/jpeg"}],"author":"Irene Martin","twitter_card":"summary_large_image","twitter_misc":{"Written by":"Irene Martin","Est. reading time":"6 minutes"},"schema":{"@context":"https:\/\/schema.org","@graph":[{"@type":"Article","@id":"https:\/\/ocwarchitects.com\/sede-ilustre-colegio-oficial-farmaceuticos-malaga-archdaily\/#article","isPartOf":{"@id":"https:\/\/ocwarchitects.com\/sede-ilustre-colegio-oficial-farmaceuticos-malaga-archdaily\/"},"author":{"name":"Irene Martin","@id":"https:\/\/ocwarchitects.com\/#\/schema\/person\/2ad27f0fea947f21e0a51b92a0dff64f"},"headline":"Sede Ilustre Colegio Oficial de Farmac\u00e9uticos de M\u00e1laga en Archdaily","datePublished":"2024-12-23T11:36:45+00:00","dateModified":"2026-03-20T12:31:26+00:00","mainEntityOfPage":{"@id":"https:\/\/ocwarchitects.com\/sede-ilustre-colegio-oficial-farmaceuticos-malaga-archdaily\/"},"wordCount":230,"publisher":{"@id":"https:\/\/ocwarchitects.com\/#organization"},"image":{"@id":"https:\/\/ocwarchitects.com\/sede-ilustre-colegio-oficial-farmaceuticos-malaga-archdaily\/#primaryimage"},"thumbnailUrl":"https:\/\/ocwarchitects.com\/wp-content\/uploads\/2024\/12\/sede-ilustre-colegio-oficial-de-farmaceuticos-de-malaga-ocwa-office-for-corking-architects_4.jpg","articleSection":["PRENSA Y PREMIOS"],"inLanguage":"en-US"},{"@type":"WebPage","@id":"https:\/\/ocwarchitects.com\/sede-ilustre-colegio-oficial-farmaceuticos-malaga-archdaily\/","url":"https:\/\/ocwarchitects.com\/sede-ilustre-colegio-oficial-farmaceuticos-malaga-archdaily\/","name":"Sede Ilustre Colegio Oficial de Farmac\u00e9uticos de M\u00e1laga en Archdaily - ocwarchitects.com","isPartOf":{"@id":"https:\/\/ocwarchitects.com\/#website"},"primaryImageOfPage":{"@id":"https:\/\/ocwarchitects.com\/sede-ilustre-colegio-oficial-farmaceuticos-malaga-archdaily\/#primaryimage"},"image":{"@id":"https:\/\/ocwarchitects.com\/sede-ilustre-colegio-oficial-farmaceuticos-malaga-archdaily\/#primaryimage"},"thumbnailUrl":"https:\/\/ocwarchitects.com\/wp-content\/uploads\/2024\/12\/sede-ilustre-colegio-oficial-de-farmaceuticos-de-malaga-ocwa-office-for-corking-architects_4.jpg","datePublished":"2024-12-23T11:36:45+00:00","dateModified":"2026-03-20T12:31:26+00:00","description":"El proyecto para la nueva Sede del Colegio de Farmac\u00e9uticos de M\u00e1laga, parte de la arquitectura tradicional, la flexibilidad y la integraci\u00f3n","breadcrumb":{"@id":"https:\/\/ocwarchitects.com\/sede-ilustre-colegio-oficial-farmaceuticos-malaga-archdaily\/#breadcrumb"},"inLanguage":"en-US","potentialAction":[{"@type":"ReadAction","target":["https:\/\/ocwarchitects.com\/sede-ilustre-colegio-oficial-farmaceuticos-malaga-archdaily\/"]}]},{"@type":"ImageObject","inLanguage":"en-US","@id":"https:\/\/ocwarchitects.com\/sede-ilustre-colegio-oficial-farmaceuticos-malaga-archdaily\/#primaryimage","url":"https:\/\/ocwarchitects.com\/wp-content\/uploads\/2024\/12\/sede-ilustre-colegio-oficial-de-farmaceuticos-de-malaga-ocwa-office-for-corking-architects_4.jpg","contentUrl":"https:\/\/ocwarchitects.com\/wp-content\/uploads\/2024\/12\/sede-ilustre-colegio-oficial-de-farmaceuticos-de-malaga-ocwa-office-for-corking-architects_4.jpg","width":1473,"height":1000,"caption":"sede-ilustre-colegio-oficial-farmaceuticos-malaga-archdaily"},{"@type":"BreadcrumbList","@id":"https:\/\/ocwarchitects.com\/sede-ilustre-colegio-oficial-farmaceuticos-malaga-archdaily\/#breadcrumb","itemListElement":[{"@type":"ListItem","position":1,"name":"Portada","item":"https:\/\/ocwarchitects.com\/"},{"@type":"ListItem","position":2,"name":"Sede Ilustre Colegio Oficial de Farmac\u00e9uticos de M\u00e1laga en Archdaily"}]},{"@type":"WebSite","@id":"https:\/\/ocwarchitects.com\/#website","url":"https:\/\/ocwarchitects.com\/","name":"ocwarchitects.com","description":"OCWA Architects fue creado para dar respuesta al desarrollo y gesti\u00f3n de una gran variedad de proyectos de diferentes complejidades y programas; Para lograr esto, crearon una cooperativa basada en el trabajo colaborativo de profesionales como arquitectos, urbanistas, dise\u00f1adores y artistas. Responden a problemas con soluciones y se aseguran de entregar su proyecto cumpliendo con las m\u00e1s altas expectativas de sus clientes","publisher":{"@id":"https:\/\/ocwarchitects.com\/#organization"},"alternateName":"Office for Co-working Architects","potentialAction":[{"@type":"SearchAction","target":{"@type":"EntryPoint","urlTemplate":"https:\/\/ocwarchitects.com\/?s={search_term_string}"},"query-input":{"@type":"PropertyValueSpecification","valueRequired":true,"valueName":"search_term_string"}}],"inLanguage":"en-US"},{"@type":"Organization","@id":"https:\/\/ocwarchitects.com\/#organization","name":"OCWA","alternateName":"Office for Co-Working Architects","url":"https:\/\/ocwarchitects.com\/","logo":{"@type":"ImageObject","inLanguage":"en-US","@id":"https:\/\/ocwarchitects.com\/#\/schema\/logo\/image\/","url":"https:\/\/ocwarchitects.com\/wp-content\/uploads\/2025\/03\/Logo.png","contentUrl":"https:\/\/ocwarchitects.com\/wp-content\/uploads\/2025\/03\/Logo.png","width":1200,"height":675,"caption":"OCWA"},"image":{"@id":"https:\/\/ocwarchitects.com\/#\/schema\/logo\/image\/"},"sameAs":["https:\/\/www.instagram.com\/ocwarchitects\/","https:\/\/www.linkedin.com\/company\/office-for-co-working-architects"]},{"@type":"Person","@id":"https:\/\/ocwarchitects.com\/#\/schema\/person\/2ad27f0fea947f21e0a51b92a0dff64f","name":"Irene Martin","image":{"@type":"ImageObject","inLanguage":"en-US","@id":"https:\/\/secure.gravatar.com\/avatar\/635ff6ee1abdd42ea478a6915d90345c3427d969f1e6639031a88a4a30ba353d?s=96&d=mm&r=g","url":"https:\/\/secure.gravatar.com\/avatar\/635ff6ee1abdd42ea478a6915d90345c3427d969f1e6639031a88a4a30ba353d?s=96&d=mm&r=g","contentUrl":"https:\/\/secure.gravatar.com\/avatar\/635ff6ee1abdd42ea478a6915d90345c3427d969f1e6639031a88a4a30ba353d?s=96&d=mm&r=g","caption":"Irene Martin"},"sameAs":["http:\/\/ocwacchitects.com"],"url":"https:\/\/ocwarchitects.com\/en\/author\/irene\/"}]}},"_links":{"self":[{"href":"https:\/\/ocwarchitects.com\/en\/wp-json\/wp\/v2\/posts\/1953","targetHints":{"allow":["GET"]}}],"collection":[{"href":"https:\/\/ocwarchitects.com\/en\/wp-json\/wp\/v2\/posts"}],"about":[{"href":"https:\/\/ocwarchitects.com\/en\/wp-json\/wp\/v2\/types\/post"}],"author":[{"embeddable":true,"href":"https:\/\/ocwarchitects.com\/en\/wp-json\/wp\/v2\/users\/4"}],"replies":[{"embeddable":true,"href":"https:\/\/ocwarchitects.com\/en\/wp-json\/wp\/v2\/comments?post=1953"}],"version-history":[{"count":33,"href":"https:\/\/ocwarchitects.com\/en\/wp-json\/wp\/v2\/posts\/1953\/revisions"}],"predecessor-version":[{"id":3285,"href":"https:\/\/ocwarchitects.com\/en\/wp-json\/wp\/v2\/posts\/1953\/revisions\/3285"}],"wp:featuredmedia":[{"embeddable":true,"href":"https:\/\/ocwarchitects.com\/en\/wp-json\/wp\/v2\/media\/1954"}],"wp:attachment":[{"href":"https:\/\/ocwarchitects.com\/en\/wp-json\/wp\/v2\/media?parent=1953"}],"wp:term":[{"taxonomy":"category","embeddable":true,"href":"https:\/\/ocwarchitects.com\/en\/wp-json\/wp\/v2\/categories?post=1953"},{"taxonomy":"post_tag","embeddable":true,"href":"https:\/\/ocwarchitects.com\/en\/wp-json\/wp\/v2\/tags?post=1953"}],"curies":[{"name":"wp","href":"https:\/\/api.w.org\/{rel}","templated":true}]}}